[{"@context":"https:\/\/schema.org\/","@type":"Article","@id":"https:\/\/www.vsmix.cz\/muj-flegmaticky-muz\/#Article","mainEntityOfPage":"https:\/\/www.vsmix.cz\/muj-flegmaticky-muz\/","headline":"M\u016fj flegmatick\u00fd mu\u017e","name":"M\u016fj flegmatick\u00fd mu\u017e","description":"M\u00e1m doma tot\u00e1ln\u011b flegmatick\u00e9ho mu\u017ee. P\u0159edt\u00edm takov\u00fd nebyl, ale p\u0159ijde mi, \u017ee se opravdu hodn\u011b zm\u011bnil, a to m\u011b opravdu [&hellip;]","datePublished":"2024-05-30","dateModified":"2024-05-30","author":{"@type":"Person","@id":"https:\/\/www.vsmix.cz\/author\/#Person","name":"","url":"https:\/\/www.vsmix.cz\/author\/","identifier":1,"image":{"@type":"ImageObject","@id":"https:\/\/secure.gravatar.com\/avatar\/6808215d501bdbb001ef3734be3cdad1be23596de78c590ed2ac5868fce74c95?s=96&d=mm&r=g","url":"https:\/\/secure.gravatar.com\/avatar\/6808215d501bdbb001ef3734be3cdad1be23596de78c590ed2ac5868fce74c95?s=96&d=mm&r=g","height":96,"width":96}},"publisher":{"@type":"Organization","name":"vsmix.cz","logo":{"@type":"ImageObject","@id":"\/logo.png","url":"\/logo.png","width":600,"height":60}},"image":{"@type":"ImageObject","@id":"https:\/\/www.vsmix.cz\/wp-content\/uploads\/pexels-designecologist-887349_2.jpg","url":"https:\/\/www.vsmix.cz\/wp-content\/uploads\/pexels-designecologist-887349_2.jpg","height":0,"width":0},"url":"https:\/\/www.vsmix.cz\/muj-flegmaticky-muz\/","about":["Lifestyle"],"wordCount":444,"articleBody":"M\u00e1m doma tot\u00e1ln\u011b flegmatick\u00e9ho mu\u017ee. P\u0159edt\u00edm takov\u00fd nebyl, ale p\u0159ijde mi, \u017ee se opravdu hodn\u011b zm\u011bnil, a to m\u011b opravdu hodn\u011b \u0161tve a nev\u00edm, co si s t\u00edm po\u010d\u00edt.\u00a0Absolutn\u011b nic ne\u0159e\u0161\u00ed, tot\u00e1ln\u00ed sal\u00e1mista a ani n\u00e1s jako rodinu nebr\u00e1n\u00ed p\u0159ed tchyni nebo moj\u00ed m\u00e1mou i kdy\u017e v\u00ed, \u017ee jsem v pr\u00e1vu a m\u00e1m kolikr\u00e1t pravdu. V\u017edycky jen odpov\u00ed: Ne\u0159e\u0161 to. Nebo jeho obl\u00edben\u00e9 v\u011bty: to se n\u011bjak zvl\u00e1dne, uvid\u00edme\u2026\u00a0U\u017e jako fakt nev\u00edm. I kdy\u017e si chci promluvit, tak ml\u010d\u00ed a mluv\u00edm jen j\u00e1. \u017de nic \u0159e\u0161it nechce. Tchyn\u011b s tch\u00e1nem to moc dob\u0159e v\u011bd\u00ed, jak\u00fd m\u00e1 ke v\u0161emu p\u0159\u00edstup a taky mu to \u0159\u00edkaj\u00ed. Ale on se v\u0161em vysm\u011bje, ale tot\u00e1ln\u011b. V\u0161e \u0159e\u0161\u00edm j\u00e1 a kdy\u017e m\u00e1 n\u011bco \u0159e\u0161it on tak zapomene anebo mu to v\u017edycky projde (nap\u0159. zaplatil pozd\u011b \u00fa\u010det nebo poslal fakturu po splatnosti ale t\u0159eba m\u011bs\u00edc\u2026).\u00a0Pracuje v zahrani\u010d\u00ed a ja jsem p\u0159es t\u00fdden na d\u016fm a d\u00edt\u011b sama. Jsem u\u017e polo chlap (star\u00e1m se jak o dom\u00e1cnost, tak o d\u0159evo na zatop a takov\u00e9 ty chlapsk\u00e9 v\u011bci). Nechci po n\u011bm nic hrozn\u00e9ho, kdy\u017e nos\u00ed dom\u016f prachy, tak je mi to blb\u00fd, ale u\u017e to trochu ned\u00e1v\u00e1m. Jo jsou n\u011bkdy pr\u00e1ce, co nezvl\u00e1dnu jako \u017eensk\u00e1 tak mu to \u0159eknu, ale ud\u011bl\u00e1 to tak za 14 dn\u00ed kdy u\u017e bouchnu nebo je n\u011bco vylo\u017een\u011b rozbit\u00e9ho. Mn\u011b se absolutn\u011b p\u0159est\u00e1v\u00e1 l\u00edbit ten jeho p\u0159\u00edstup, proto\u017ee p\u0159edt\u00edm, ne\u017e jsem ot\u011bhotn\u011bla, tak takov\u00fd v\u016fbec nebyl a nev\u00edm, \u010d\u00edm to je, \u017ee se zm\u011bnil. Jestli je to t\u00edm, \u017ee m\u00e1 mo\u017en\u00e1 v\u00edce z\u00e1vazk\u016f, ale i tak. Myslela jsem, \u017ee se semkneme jako rodina, ale mn\u011b p\u0159ijde, \u017ee on to bere tak, \u017ee m\u00e1 jenom povinnost vyd\u011bl\u00e1vat pen\u00edze dom\u016f a t\u00edm to pro n\u011bj vlastn\u011b \u00fapln\u011b kon\u010d\u00ed. N\u011bjak\u00e9 starosti pro n\u011bj v\u016fbec neexistuj\u00ed mi p\u0159ijde. Cht\u011bla bych, aby se alespo\u0148 tro\u0161i\u010dku za\u010dal zaj\u00edmat, hrozn\u011b by mi to pomohlo a ur\u010dit\u011b bych se c\u00edtila stokr\u00e1t l\u00e9pe, kdybych v\u011bd\u011bla, \u017ee m\u00e1m po sv\u00e9m boku mu\u017ee, na kter\u00e9ho se opravdu mohu spolehnout a bude mi alespo\u0148 tro\u0161i\u010dku takovou malou oporou.                                                                                                                                                                                                                                                                                                                                                                                                "},{"@context":"https:\/\/schema.org\/","@type":"BreadcrumbList","itemListElement":[{"@type":"ListItem","position":1,"name":"M\u016fj flegmatick\u00fd mu\u017e","item":"https:\/\/www.vsmix.cz\/muj-flegmaticky-muz\/#breadcrumbitem"}]}]