[{"@context":"https:\/\/schema.org\/","@type":"Article","@id":"https:\/\/www.vsmix.cz\/na-co-sa-tohto-roku-tesite-najviac\/#Article","mainEntityOfPage":"https:\/\/www.vsmix.cz\/na-co-sa-tohto-roku-tesite-najviac\/","headline":"Na \u010do sa tohto roku te\u0161\u00edte najviac?","name":"Na \u010do sa tohto roku te\u0161\u00edte najviac?","description":"Vyhr\u00e1 to letn\u00e1 dovolenka alebo viano\u010dn\u00e9 sviatky? Minim\u00e1lne s \u00fa\u017easnou atmosf\u00e9rou to Vianoce vyhraj\u00fa v\u017edy. Prech\u00e1dzanie sa po zasne\u017een\u00fdch chodn\u00ed\u010dkoch [&hellip;]","datePublished":"2023-12-04","dateModified":"2023-12-04","author":{"@type":"Person","@id":"https:\/\/www.vsmix.cz\/author\/#Person","name":"","url":"https:\/\/www.vsmix.cz\/author\/","identifier":1,"image":{"@type":"ImageObject","@id":"https:\/\/secure.gravatar.com\/avatar\/6808215d501bdbb001ef3734be3cdad1be23596de78c590ed2ac5868fce74c95?s=96&d=mm&r=g","url":"https:\/\/secure.gravatar.com\/avatar\/6808215d501bdbb001ef3734be3cdad1be23596de78c590ed2ac5868fce74c95?s=96&d=mm&r=g","height":96,"width":96}},"publisher":{"@type":"Organization","name":"vsmix.cz","logo":{"@type":"ImageObject","@id":"\/logo.png","url":"\/logo.png","width":600,"height":60}},"url":"https:\/\/www.vsmix.cz\/na-co-sa-tohto-roku-tesite-najviac\/","wordCount":227,"articleBody":"Vyhr\u00e1 to letn\u00e1 dovolenka alebo viano\u010dn\u00e9 sviatky? Minim\u00e1lne s \u00fa\u017easnou atmosf\u00e9rou to Vianoce vyhraj\u00fa v\u017edy. Prech\u00e1dzanie sa po zasne\u017een\u00fdch chodn\u00ed\u010dkoch a obdivovanie ozd\u00f4b a svetielok na ka\u017edej strane. A to v\u0161etko za pr\u00edtomnosti neuverite\u013en\u00e9ho pokoja. Akoby sa vtedy \u010das spomalil a ka\u017ed\u00fd sa prestal n\u00e1hli\u0165. Aspo\u0148 teda po\u010das \u0160tedr\u00e9ho d\u0148a, ke\u010f sa schy\u013euje k ve\u010deri. V tejto atmosf\u00e9re by v\u00e1s iste napadol nejak\u00fd pekn\u00fd, vlastn\u00fd ver\u0161\u00edk do novoro\u010denky, ktor\u00fa z l\u00e1sky po\u0161lete rodine, priate\u013eom a aj kolegom. Text si zabezpe\u010d\u00edte sami, no grafick\u00fa podobu prianiu nechajte na n\u00e1s. M\u00e1me pre v\u00e1s n\u00e1dhern\u00e9 karti\u010dky, ktor\u00e9 m\u00f4\u017eete pokojne nazva\u0165 mal\u00fdm umeleck\u00fdm dielom.\tRaz do roka uk\u00e1\u017ete, ako si osoby cen\u00edteMenej je niekedy viac. To plat\u00ed aj v pr\u00edpade darov. Prirodzene, \u017ee na Vianoce nem\u00f4\u017eete obdarova\u0165 v\u0161etk\u00fdch, ktor\u00ed si to zasl\u00fa\u017eia. Jednou vecou ich v\u0161ak pote\u0161i\u0165 m\u00f4\u017eete. Po\u0161lite im od n\u00e1s kr\u00e1snu novoro\u010denku. Kedy sa viac hod\u00ed spomen\u00fa\u0165 si na osobu a popria\u0165 jej v\u0161etko dobr\u00e9, ak nie na sklonku roka? Poprajte im \u00faspech, l\u00e1sku aj \u0161\u0165astie. Dobro, ktor\u00e9 rozd\u00e1te sa v\u00e1m vr\u00e1ti.                                                                                                                                                                                                                                                                                                                                                                                                "},{"@context":"https:\/\/schema.org\/","@type":"BreadcrumbList","itemListElement":[{"@type":"ListItem","position":1,"name":"Na \u010do sa tohto roku te\u0161\u00edte najviac?","item":"https:\/\/www.vsmix.cz\/na-co-sa-tohto-roku-tesite-najviac\/#breadcrumbitem"}]}]