[{"@context":"https:\/\/schema.org\/","@type":"Article","@id":"https:\/\/www.vsmix.cz\/planujete-udelat-nejakou-soutez-ve-stylu-foxe\/#Article","mainEntityOfPage":"https:\/\/www.vsmix.cz\/planujete-udelat-nejakou-soutez-ve-stylu-foxe\/","headline":"Pl\u00e1nujete ud\u011blat n\u011bjakou sout\u011b\u017e ve stylu Foxe?","name":"Pl\u00e1nujete ud\u011blat n\u011bjakou sout\u011b\u017e ve stylu Foxe?","description":"Jist\u011b budete \u0159e\u0161it potisk tri\u010dek, kter\u00fd je s t\u00edm spjat. U n\u00e1s v\u00edt\u011bzov\u00e9 b\u011bhu Terryho Foxe z\u00edsk\u00e1vali n\u011bjak\u00e1 tri\u010dka s [&hellip;]","datePublished":"2025-02-24","dateModified":"2025-02-24","author":{"@type":"Person","@id":"https:\/\/www.vsmix.cz\/author\/#Person","name":"","url":"https:\/\/www.vsmix.cz\/author\/","identifier":1,"image":{"@type":"ImageObject","@id":"https:\/\/secure.gravatar.com\/avatar\/6808215d501bdbb001ef3734be3cdad1be23596de78c590ed2ac5868fce74c95?s=96&d=mm&r=g","url":"https:\/\/secure.gravatar.com\/avatar\/6808215d501bdbb001ef3734be3cdad1be23596de78c590ed2ac5868fce74c95?s=96&d=mm&r=g","height":96,"width":96}},"publisher":{"@type":"Organization","name":"vsmix.cz","logo":{"@type":"ImageObject","@id":"\/logo.png","url":"\/logo.png","width":600,"height":60}},"url":"https:\/\/www.vsmix.cz\/planujete-udelat-nejakou-soutez-ve-stylu-foxe\/","wordCount":182,"articleBody":" Jist\u011b budete \u0159e\u0161it potisk tri\u010dek, kter\u00fd je s t\u00edm spjat. U n\u00e1s v\u00edt\u011bzov\u00e9 b\u011bhu Terryho Foxe z\u00edsk\u00e1vali n\u011bjak\u00e1 tri\u010dka s potiskem n\u011bjak\u00e9ho b\u011b\u017ece, co\u017e je docela norm\u00e1ln\u00ed, ale mohlo by zde b\u00fdt t\u0159eba i n\u011bco jin\u00e9ho. Ale co? Proto\u017ee takovou odm\u011bnu za druh\u00e9 \u010di t\u0159et\u00ed m\u00edsto v b\u011bhu bych si nejsp\u00ed\u0161e do \u0161koly nevzal. Co je stylov\u00e9? Ur\u010dit\u011b by m\u011blo b\u00fdt kvalitn\u00ed, co se t\u00fdk\u00e1 materi\u00e1lu, ale i stylov\u00e9 ohledn\u011b st\u0159ihu. Osobn\u011b se mi l\u00edb\u00ed klasick\u00e1 ve tvaru V. Ale zase, d\u016fle\u017eit\u00e9 je to, co budete jako organiz\u00e1to\u0159i cht\u00edt. Pokud budete cht\u00edt, aby ho d\u011bti nosili maxim\u00e1ln\u011b na n\u011bjak\u00fd t\u011blocvik, tak V\u00e1m sta\u010d\u00ed n\u011bjak\u00e9 oby\u010dejn\u00e9 a to klidn\u011b s n\u011bjak\u00fdm b\u011b\u017ecem, ale pokud byste cht\u011bli d\u00e1t n\u011bco cenn\u00e9ho, tak jist\u011b budete db\u00e1t na to, co jsem v\u00fd\u0161e napsal.                                                                                                                                                                                                                                                                                                                                                                                                 "},{"@context":"https:\/\/schema.org\/","@type":"BreadcrumbList","itemListElement":[{"@type":"ListItem","position":1,"name":"Pl\u00e1nujete ud\u011blat n\u011bjakou sout\u011b\u017e ve stylu Foxe?","item":"https:\/\/www.vsmix.cz\/planujete-udelat-nejakou-soutez-ve-stylu-foxe\/#breadcrumbitem"}]}]