[{"@context":"https:\/\/schema.org\/","@type":"Article","@id":"https:\/\/www.vsmix.cz\/proc-deti-nesmeji-jezdit-vepredu\/#Article","mainEntityOfPage":"https:\/\/www.vsmix.cz\/proc-deti-nesmeji-jezdit-vepredu\/","headline":"Pro\u010d d\u011bti nesm\u011bj\u00ed jezdit vep\u0159edu","name":"Pro\u010d d\u011bti nesm\u011bj\u00ed jezdit vep\u0159edu","description":"Je jasn\u00e9, \u017ee j\u00edzda automobilem m\u00e1 sv\u00e1 p\u0159\u00edsn\u00e1 pravidla. N\u011bkter\u00e1 jsou naprosto pochopiteln\u00e1, jin\u00e1 nikoliv, respektovat je v\u0161ak mus\u00edme v\u0161ichni. [&hellip;]","datePublished":"2023-10-17","dateModified":"2024-05-17","author":{"@type":"Person","@id":"https:\/\/www.vsmix.cz\/author\/#Person","name":"","url":"https:\/\/www.vsmix.cz\/author\/","identifier":1,"image":{"@type":"ImageObject","@id":"https:\/\/secure.gravatar.com\/avatar\/6808215d501bdbb001ef3734be3cdad1be23596de78c590ed2ac5868fce74c95?s=96&d=mm&r=g","url":"https:\/\/secure.gravatar.com\/avatar\/6808215d501bdbb001ef3734be3cdad1be23596de78c590ed2ac5868fce74c95?s=96&d=mm&r=g","height":96,"width":96}},"publisher":{"@type":"Organization","name":"vsmix.cz","logo":{"@type":"ImageObject","@id":"\/logo.png","url":"\/logo.png","width":600,"height":60}},"image":{"@type":"ImageObject","@id":"https:\/\/www.vsmix.cz\/wp-content\/uploads\/auto5_10_5.jpg","url":"https:\/\/www.vsmix.cz\/wp-content\/uploads\/auto5_10_5.jpg","height":0,"width":0},"url":"https:\/\/www.vsmix.cz\/proc-deti-nesmeji-jezdit-vepredu\/","about":["Auto moto"],"wordCount":431,"articleBody":"Je jasn\u00e9, \u017ee j\u00edzda automobilem m\u00e1 sv\u00e1 p\u0159\u00edsn\u00e1 pravidla. N\u011bkter\u00e1 jsou naprosto pochopiteln\u00e1, jin\u00e1 nikoliv, respektovat je v\u0161ak mus\u00edme v\u0161ichni. A jedno z\u00a0nich n\u00e1m \u0159\u00edk\u00e1, \u017ee d\u011bti nesm\u00ed za \u017e\u00e1dn\u00fdch okolnost\u00ed jezdit na p\u0159edn\u00edm sedadle.\u00a0To se m\u016f\u017ee mnoha lidem, zvl\u00e1\u0161t\u011b t\u011bm ze star\u0161\u00ed generace, zd\u00e1t divn\u00e9. Koneckonc\u016f, jak\u00fd je rozd\u00edl v\u00a0tom, kde d\u00edt\u011b sed\u00ed? Nav\u00edc jej m\u016f\u017eeme l\u00e9pe kontrolovat, pokud s\u00a0n\u00edm jedeme sami. V\u011bt\u0161ina rodi\u010d\u016f nav\u00edc m\u011bla vyp\u011bstovan\u00fd reflex, kdy p\u0159i prudk\u00e9m zabrzd\u011bn\u00ed dala ruku p\u0159ed sv\u00e9ho potomka. Dnes v\u0161ak nic z\u00a0toho neplat\u00ed, a to ani v\u00a0p\u0159\u00edpad\u011b, \u017ee by d\u00edt\u011b sed\u011blo na sedadle spolujezdce v\u00a0d\u011btsk\u00e9 seda\u010dce \u010di na d\u011btsk\u00e9m sed\u00e1ku.\u00a0\u00a0To m\u00e1 samoz\u0159ejm\u011b sv\u016fj d\u016fvod, a t\u00edm je bezpe\u010dnost na\u0161ich potomk\u016f. Pokud toti\u017e dojde k\u00a0n\u00e1razu, bude d\u00edt\u011b doslova vymr\u0161t\u011bno p\u0159edn\u00edm sklem ven. Ano, existuj\u00ed bezpe\u010dnostn\u00ed p\u00e1sy a airbagy, av\u0161ak ty v\u00a0tomto p\u0159\u00edpad\u011b nebudou fungovat, nebo\u0165 jsou koncipov\u00e1ny na velikost dosp\u011bl\u00e9ho \u010dlov\u011bka. Rozhodn\u011b tedy neudr\u017e\u00ed mal\u00e9 d\u00edt\u011b, nebo\u0165 to z\u00a0nich p\u0159i n\u00e1razu m\u016f\u017ee velmi snadno vyklouznout.\u00a0Dobr\u00e1, m\u016f\u017eeme ale nam\u00edtnout, \u017ee tento probl\u00e9m by vy\u0159e\u0161ila d\u011btsk\u00e1 seda\u010dka. Pravdou v\u0161ak je, \u017ee nevy\u0159e\u0161ila. Je toti\u017e koncipov\u00e1na tak, aby se zarazila o sedadlo p\u0159ed sebou. A vzhledem k\u00a0tomu, \u017ee vep\u0159edu nen\u00ed nic ne\u017e okno, je jasn\u00e9, \u017ee n\u00e1raz by rozhodn\u011b nedopadl dob\u0159e.\u00a0\u00a0Na\u0161e spole\u010dnost jako takov\u00e1 jak pak nastavena tak, \u017ee d\u011bti pova\u017eujeme za n\u011bco, co vy\u017eaduje maxim\u00e1ln\u00ed ochranu. I proto jsou zlo\u010diny sp\u00e1chan\u00e9 na d\u011btech posuzov\u00e1ny mnohem p\u0159\u00edsn\u011bji s\u00a0podstatn\u011b tvrd\u0161\u00edmi tresty, ne\u017e ty sam\u00e9 sp\u00e1chan\u00e9 na dosp\u011bl\u00e9m \u010dlov\u011bku.\u00a0Nen\u00ed tedy divu, \u017ee pr\u00e1v\u011b z\u00e1kaz vozen\u00ed d\u011bt\u00ed na sedadle spolujezdce je nejen p\u0159\u00edsn\u011b kontrolov\u00e1n, ale tak\u00e9 dodr\u017eov\u00e1n. Naprost\u00e1 v\u011bt\u0161ina rodi\u010d\u016f ch\u00e1pe, \u017ee dnes jsou auta siln\u011bj\u0161\u00ed a rychlej\u0161\u00ed ne\u017e kdy d\u0159\u00edve, vy\u0161\u0161\u00ed jsou tak\u00e9 maxim\u00e1ln\u00ed povolen\u00e9 rychlosti. To tak\u00e9 znamen\u00e1 v\u011bt\u0161\u00ed nebezpe\u010d\u00ed \u00farazu v\u00a0p\u0159\u00edpad\u011b dopravn\u00ed nehody, zvl\u00e1\u0161t\u011b pak pro d\u011bti. A, jak u\u017e bylo \u0159e\u010deno, pr\u00e1v\u011b ty chceme chr\u00e1nit ze v\u0161eho nejv\u00edce.                                                                                                                                                                                                                                                                                                                                                                                                "},{"@context":"https:\/\/schema.org\/","@type":"BreadcrumbList","itemListElement":[{"@type":"ListItem","position":1,"name":"Pro\u010d d\u011bti nesm\u011bj\u00ed jezdit vep\u0159edu","item":"https:\/\/www.vsmix.cz\/proc-deti-nesmeji-jezdit-vepredu\/#breadcrumbitem"}]}]