[{"@context":"https:\/\/schema.org\/","@type":"Article","@id":"https:\/\/www.vsmix.cz\/prodej-mobilnich-celorocne-obyvatelnych-domu-se-opira-o-nektere-zasadni-body\/#Article","mainEntityOfPage":"https:\/\/www.vsmix.cz\/prodej-mobilnich-celorocne-obyvatelnych-domu-se-opira-o-nektere-zasadni-body\/","headline":"Prodej mobiln\u00edch celoro\u010dn\u011b obyvateln\u00fdch dom\u016f se op\u00edr\u00e1 o n\u011bkter\u00e9 z\u00e1sadn\u00ed body","name":"Prodej mobiln\u00edch celoro\u010dn\u011b obyvateln\u00fdch dom\u016f se op\u00edr\u00e1 o n\u011bkter\u00e9 z\u00e1sadn\u00ed body","description":"Chcete-li si po\u0159\u00eddit celoro\u010dn\u011b obyvateln\u00fd mobiln\u00ed d\u016fm, po\u010d\u00edtejte s t\u00edm, \u017ee prodej mobiln\u00edch dom\u016f Top-mobilnidomy.cz slav\u00ed sv\u016fj \u00fasp\u011bch pro n\u011bkter\u00e9 [&hellip;]","datePublished":"2022-06-18","dateModified":"2023-04-30","author":{"@type":"Person","@id":"https:\/\/www.vsmix.cz\/author\/#Person","name":"","url":"https:\/\/www.vsmix.cz\/author\/","identifier":1,"image":{"@type":"ImageObject","@id":"https:\/\/secure.gravatar.com\/avatar\/6808215d501bdbb001ef3734be3cdad1be23596de78c590ed2ac5868fce74c95?s=96&d=mm&r=g","url":"https:\/\/secure.gravatar.com\/avatar\/6808215d501bdbb001ef3734be3cdad1be23596de78c590ed2ac5868fce74c95?s=96&d=mm&r=g","height":96,"width":96}},"publisher":{"@type":"Organization","name":"vsmix.cz","logo":{"@type":"ImageObject","@id":"\/logo.png","url":"\/logo.png","width":600,"height":60}},"image":{"@type":"ImageObject","@id":"https:\/\/www.vsmix.cz\/wp-content\/uploads\/tomatoes-2526996_640.jpg","url":"https:\/\/www.vsmix.cz\/wp-content\/uploads\/tomatoes-2526996_640.jpg","height":0,"width":0},"url":"https:\/\/www.vsmix.cz\/prodej-mobilnich-celorocne-obyvatelnych-domu-se-opira-o-nektere-zasadni-body\/","about":["D\u016fm"],"wordCount":403,"articleBody":"   Chcete-li si po\u0159\u00eddit celoro\u010dn\u011b obyvateln\u00fd mobiln\u00ed d\u016fm, po\u010d\u00edtejte s t\u00edm, \u017ee prodej mobiln\u00edch dom\u016f Top-mobilnidomy.cz slav\u00ed sv\u016fj \u00fasp\u011bch pro n\u011bkter\u00e9 d\u00edl\u010d\u00ed d\u016fle\u017eit\u00e9 aspekty:Komfort za dostupnou cenu \u2013 ceny dvoupokojov\u00fdch byt\u016f ve v\u011bt\u0161\u00edch m\u011bstech mohou \u0161plhat a\u017e ke t\u0159em milion\u016fm korun, p\u0159itom jejich re\u00e1ln\u00e1 hodnota je mnohon\u00e1sobn\u011b, ale mnohon\u00e1sobn\u011b ni\u017e\u0161\u00ed. Za zamy\u0161len\u00ed stoj\u00ed tak\u00e9 fakt, \u017ee jde v mnoha p\u0159\u00edpadech o revitalizovan\u00e1 panelov\u00e1 s\u00eddli\u0161t\u011b, postaven\u00e1 je\u0161t\u011b v dob\u011b socialismu. Kdyby se tehdy byty nestav\u011bly takov\u00fdm tempem, um\u00edte si p\u0159edstavit, jak by to tu dnes vypadalo s trhem ohledn\u011b bydlen\u00ed?Ceny mobiln\u00edch dom\u016f o shodn\u00e9 plo\u0161e p\u016fdorysu dvoupokojov\u00fdch byt\u016f jsou, jak se \u0159\u00edk\u00e1, \u00fapln\u011b n\u011bkde jinde. Po\u0159\u00edd\u00edte je v\u00fdrazn\u011b levn\u011bji a hlavn\u011b m\u00e1te k dispozici vlastn\u00ed objekt, kde nehrad\u00edte n\u00e1jem, \u010d\u00e1stku do fondu oprav, a kde tak\u00e9 m\u016f\u017eete v\u00fdrazn\u011b u\u0161et\u0159it na provozn\u00edch n\u00e1kladech.Provozn\u00ed n\u00e1klady \u2013 nejv\u011bt\u0161\u00edch \u00faspor lze dos\u00e1hnout za vyt\u00e1p\u011bn\u00ed, pokud vsad\u00edte na krbov\u00e1 kamna nebo krb, p\u0159\u00edpadn\u011b s teplovodn\u00edm v\u00fdm\u011bn\u00edkem. \u00dasporn\u00e9 \u0159e\u0161en\u00ed je i tepeln\u00e9 \u010derpadlo, ov\u0161em zde mus\u00edte po\u010d\u00edtat s vy\u0161\u0161\u00edmi po\u0159izovac\u00edmi n\u00e1klady. Dal\u0161\u00edch \u00faspor dos\u00e1hnete spor\u00e1kem zapojen\u00fdm na propan-butanovou desetilitrovou l\u00e1hev, vlastn\u00ed studnou a fotovoltaick\u00fdmi panely pro v\u00fdrobu elekt\u0159iny i oh\u0159ev vody. Net\u00fdk\u00e1 se v\u00e1s ani poplatek do fondu oprav, kter\u00fd hrad\u00ed majitel\u00e9 byt\u016f v bytov\u00fdch domech, nav\u00edc n\u00e1klady na \u00fadr\u017ebu mobiln\u00ed d\u0159evostavby jsou v\u00fdrazn\u011b ni\u017e\u0161\u00ed.Vlastn\u00ed zahrada \u2013 kdo m\u011bl n\u011bkdy vlastn\u00ed zahradu a vyu\u017eil mo\u017enosti vyj\u00edt v l\u00e9t\u011b p\u0159ed d\u016fm p\u0159ed v\u00fdchodem slunce s hrnkem \u010daje nebo k\u00e1vy, a mohl porovn\u00e1vat tuto skute\u010dnost s rann\u00edm probouzen\u00edm v panelov\u00e9m s\u00eddli\u0161ti, m\u00e1 p\u0159esnou p\u0159edstavu, jak\u00fd je mezi t\u00edm rozd\u00edl. Jednou z podstatn\u00fdch v\u00fdhod mobiln\u00edch dom\u016f je pr\u00e1v\u011b vlastn\u00ed pozemek, kde m\u016f\u017eete p\u011bstovat zeleninu a ovoce a pochopiteln\u011b relaxovat mnohem l\u00e9pe, ne\u017e na s\u00eddli\u0161ti na balkon\u011b, s v\u00fdhledem do oken prot\u011bj\u0161\u00edho domu.                                                                                                                                                                                                                                                                                                                                                                                                  "},{"@context":"https:\/\/schema.org\/","@type":"BreadcrumbList","itemListElement":[{"@type":"ListItem","position":1,"name":"Prodej mobiln\u00edch celoro\u010dn\u011b obyvateln\u00fdch dom\u016f se op\u00edr\u00e1 o n\u011bkter\u00e9 z\u00e1sadn\u00ed body","item":"https:\/\/www.vsmix.cz\/prodej-mobilnich-celorocne-obyvatelnych-domu-se-opira-o-nektere-zasadni-body\/#breadcrumbitem"}]}]